{"id":33222,"date":"2020-01-29T15:48:56","date_gmt":"2020-01-29T13:48:56","guid":{"rendered":"https:\/\/www.hostinet.com\/formacion\/?p=33222"},"modified":"2020-01-29T15:48:56","modified_gmt":"2020-01-29T13:48:56","slug":"reto-puedespararlo-canalprioritario","status":"publish","type":"post","link":"https:\/\/www.hostinet.com\/formacion\/general\/reto-puedespararlo-canalprioritario\/","title":{"rendered":"Hostinet se une al reto #PuedesPararlo con el #CanalPrioritario de la Agencia Espa\u00f1ola de Protecci\u00f3n de Datos"},"content":{"rendered":" <!-- x0 --><div style=\"min-height: 30px; margin-top: 0px; padding-bottom: 7px; z-index: 1;position: relative; float: none;\" class=\"social-container\"><\/div><p><img loading=\"lazy\" decoding=\"async\" class=\"aligncenter size-full wp-image-33226\" src=\"https:\/\/www.hostinet.com\/formacion\/wp-content\/uploads\/2020\/01\/aepd-hostinet-puedespararlo-canalprioritario.jpg\" alt=\"Hostinet se une al reto #PuedesPararlo con el #CanalPrioritario de la Agencia Espa\u00f1ola de Protecci\u00f3n de Datos\" width=\"439\" height=\"550\" srcset=\"https:\/\/www.hostinet.com\/formacion\/wp-content\/uploads\/2020\/01\/aepd-hostinet-puedespararlo-canalprioritario.jpg 439w, https:\/\/www.hostinet.com\/formacion\/wp-content\/uploads\/2020\/01\/aepd-hostinet-puedespararlo-canalprioritario-350x438.jpg 350w\" sizes=\"auto, (max-width: 439px) 100vw, 439px\" \/><\/p>\n<p>Es trabajo de todos <strong>mantener Internet \u201climpio\u201d<\/strong>, no solo de las autoridades, por eso<strong> desde Hostinet queremos unirnos a la campa\u00f1a de la Agencia Espa\u00f1ola de Protecci\u00f3n de Datos: T\u00fa tambi\u00e9n #PuedesPararlo con el #CanalPrioritario<\/strong><\/p>\n<p>Sabemos que esta tarea puede resultar muy complicada, pero si todos ponemos nuestro granito de arena al final seguro que conseguimos resultados, por eso desde Hostinet hacemos un llamamiento a nuestros clientes para que tal y como indican en la Agencia de Protecci\u00f3n de Datos; <strong>si tienen conocimiento de la existencia de fotograf\u00edas, v\u00eddeos o audios de contenido sexual o violento que circulan por Internet sin la autorizaci\u00f3n de las personas afectadas (ya sean ellos mismos u otras personas), soliciten su retirada en el Canal prioritario de la Agencia Espa\u00f1ola de Protecci\u00f3n de Datos. Adem\u00e1s, recuerdan que #PuedesPararlo<\/strong><\/p>\n<p>Y no solo si tienen conocimiento sobre donde se encuentra este tipo de material, sino tambi\u00e9n si lo reciben sin querer en un email o en un mensaje por WhatsApp que suele ser lo m\u00e1s habitual; una foto, un v\u00eddeo o un audio se difunde por las redes sociales y al final lo acaban viendo varias personas al ir envi\u00e1ndose de unas a otras pensando que es gracioso, pero de gracioso no tiene nada en ning\u00fan tipo de \u00e1mbito; ni sexual, ni violento, ni de acoso escolar\/bulling, ect<\/p>\n<h2 style=\"text-align: center;\"><a href=\"https:\/\/www.aepd.es\/canalprioritario\/\" target=\"_blank\" rel=\"noopener noreferrer\">&gt;&gt; Acceder a Canal Prioritario &lt;&lt;<\/a><\/h2>\n<h2><strong>Contenido Sexual <\/strong><\/h2>\n<p>Hablando de temas sexuales, en la Agencia Espa\u00f1ola de Protecci\u00f3n de Datos est\u00e1 este ejemplo en su sitio web:<\/p>\n<blockquote><p>Fue condenado a 5 a\u00f1os de c\u00e1rcel grab\u00f3 a Sara sin permiso mientras manten\u00edan relaciones sexuales, lo paso por el grupo de amigos, que le animaron a subirlo a Internet. Y difundi\u00f3 el v\u00eddeo.<br \/>\nNo es por el v\u00eddeo, es por todo lo que hay detr\u00e1s.<\/p>\n<p><img loading=\"lazy\" decoding=\"async\" class=\"aligncenter \" src=\"https:\/\/www.aepd.es\/canalprioritario\/assets\/img\/grafica-carcel.png\" width=\"600\" height=\"849\" \/><\/p><\/blockquote>\n<h2><strong>Contenido de Acoso Escolar\/Bulling <\/strong><\/h2>\n<p>Ya no solo problemas relacionados con la divulgaci\u00f3n de contenidos de temas sexuales sin el consentimiento de su implicado\/a, sino que tambi\u00e9n hay otros temas muy importantes y que perjudican a los menores como es el del acoso escolar o popularmente conocido en ingl\u00e9s como Bulling.<\/p>\n<p>Un acoso escolar que incluso a veces viene ligado con la violencia; al principio puede que solo sean insultos, pero al final acaba convirti\u00e9ndose en algo mucho m\u00e1s grabe cuando hay violencia tambi\u00e9n de por medio. Y como hemos dicho esta clase de v\u00eddeos de gracioso no tienen nada\u2026<\/p>\n<p>La Agencia Espa\u00f1ola de Protecci\u00f3n de Datos pone este ejemplo en su web sobre el tema del acoso escolar:<\/p>\n<blockquote><p>Fue acosado en el instituto porque Rom\u00e1n le saco una foto mientras le pegan en el patio, se la pas\u00f3 a Marina, ella la subi\u00f3 a Stories y su foto se hizo viral.<br \/>\nNo es por la foto, es por todo lo que hay detr\u00e1s.<\/p>\n<p><img loading=\"lazy\" decoding=\"async\" class=\"aligncenter \" src=\"https:\/\/www.aepd.es\/canalprioritario\/assets\/img\/grafica-Instituto.png\" width=\"600\" height=\"849\" \/><\/p><\/blockquote>\n<h2><strong>El Suicidio <\/strong><\/h2>\n<p>Recuerda que #PuedesPararlo, y no es por el v\u00eddeo o la foto en cuesti\u00f3n, sino que es por todo lo que conlleva y el grav\u00edsimo perjuicio que se le puede provocar a la persona implicada, quien incluso a veces puede llevarle hasta el suicidio, un tema muy crudo, pero 100% real y que, por lo tanto, hay que tomar medidas.<\/p>\n<p>La Agencia Espa\u00f1ola de Protecci\u00f3n de Datos pone este ejemplo en su web sobre el tema del suicidio:<\/p>\n<blockquote><p>Se suicid\u00f3 porque su novio le grabo en un momento \u00edntimo y se lo paso a Rodrigo, Rodrigo se lo reenv\u00edo a sus amigos y lo subieron a un canal con m\u00e1s de 13 millones de suscriptores donde todos vieron el v\u00eddeo en el que aparec\u00eda.<br \/>\nNo es por el v\u00eddeo, es por todo lo que hay detr\u00e1s.<\/p>\n<p><img loading=\"lazy\" decoding=\"async\" class=\"aligncenter \" src=\"https:\/\/www.aepd.es\/canalprioritario\/assets\/img\/grafica-suicidio.png\" width=\"600\" height=\"849\" \/><\/p><\/blockquote>\n<h2>#PuedesPararlo<\/h2>\n<p>\u00danete al reto #PuedesPararlo en Instagram mostrando tu rechazo a la difusi\u00f3n de contenido sensible y menciona a dos personas para que se sumen a nuestra campa\u00f1a. Recuerda que no es por el v\u00eddeo o la foto, es por lo que hay detr\u00e1s.<\/p>\n<h2 style=\"text-align: center;\"><a href=\"https:\/\/www.instagram.com\/explore\/tags\/puedespararlo\/\" target=\"_blank\" rel=\"noopener noreferrer\">&gt;&gt; Ver Toda la Campa\u00f1a en Instagram &lt;&lt;<\/a><\/h2>\n<div style=\"min-height: 30px; margin-top: 0px; padding-bottom: 7px; z-index: 1;position: relative; float: none;\" class=\"social-container\"><\/div> <!-- x1 -->","protected":false},"excerpt":{"rendered":"<p>Es trabajo de todos mantener Internet \u201climpio\u201d, no solo de las autoridades, por eso desde Hostinet queremos unirnos a la campa\u00f1a de la Agencia Espa\u00f1ola de Protecci\u00f3n de Datos: T\u00fa tambi\u00e9n #PuedesPararlo con el #CanalPrioritario Sabemos que esta tarea puede resultar muy complicada, pero si todos ponemos nuestro granito de\u2026 <\/p>\n<div class=\"post-more\">\n<p><a class=\"btn button\" href=\"https:\/\/www.hostinet.com\/formacion\/general\/reto-puedespararlo-canalprioritario\/\">Sigue leyendo &rarr;<\/a><\/p>\n<\/div>\n","protected":false},"author":13,"featured_media":33226,"comment_status":"open","ping_status":"open","sticky":false,"template":"","format":"standard","meta":{"footnotes":""},"categories":[11],"tags":[],"class_list":["post-33222","post","type-post","status-publish","format-standard","has-post-thumbnail","hentry","category-general"],"yoast_head":"<!-- This site is optimized with the Yoast SEO plugin v27.3 - https:\/\/yoast.com\/product\/yoast-seo-wordpress\/ -->\n<title>Hostinet se une al reto #PuedesPararlo con el #CanalPrioritario de la Agencia Espa\u00f1ola de Protecci\u00f3n de Datos<\/title>\n<meta name=\"description\" content=\"Es trabajo de todos mantener Internet \u201climpio\u201d, no solo de las autoridades, por eso desde Hostinet queremos unirnos a la campa\u00f1a de la AEPD.\" \/>\n<meta name=\"robots\" content=\"index, follow, max-snippet:-1, max-image-preview:large, max-video-preview:-1\" \/>\n<link rel=\"canonical\" href=\"https:\/\/www.hostinet.com\/formacion\/general\/reto-puedespararlo-canalprioritario\/\" \/>\n<meta property=\"og:locale\" content=\"es_ES\" \/>\n<meta property=\"og:type\" content=\"article\" \/>\n<meta property=\"og:title\" content=\"Hostinet se une al reto #PuedesPararlo con el #CanalPrioritario de la Agencia Espa\u00f1ola de Protecci\u00f3n de Datos\" \/>\n<meta property=\"og:description\" content=\"Es trabajo de todos mantener Internet \u201climpio\u201d, no solo de las autoridades, por eso desde Hostinet queremos unirnos a la campa\u00f1a de la AEPD.\" \/>\n<meta property=\"og:url\" content=\"https:\/\/www.hostinet.com\/formacion\/general\/reto-puedespararlo-canalprioritario\/\" \/>\n<meta property=\"og:site_name\" content=\"Hostinet\" \/>\n<meta property=\"article:published_time\" content=\"2020-01-29T13:48:56+00:00\" \/>\n<meta property=\"og:image\" content=\"https:\/\/www.hostinet.com\/formacion\/wp-content\/uploads\/2020\/01\/aepd-hostinet-puedespararlo-canalprioritario.jpg\" \/>\n\t<meta property=\"og:image:width\" content=\"439\" \/>\n\t<meta property=\"og:image:height\" content=\"550\" \/>\n\t<meta property=\"og:image:type\" content=\"image\/jpeg\" \/>\n<meta name=\"author\" content=\"Raul Alaman\" \/>\n<meta name=\"twitter:card\" content=\"summary_large_image\" \/>\n<meta name=\"twitter:creator\" content=\"@Hostinet\" \/>\n<meta name=\"twitter:site\" content=\"@Hostinet\" \/>\n<meta name=\"twitter:label1\" content=\"Escrito por\" \/>\n\t<meta name=\"twitter:data1\" content=\"Raul Alaman\" \/>\n\t<meta name=\"twitter:label2\" content=\"Tiempo de lectura\" \/>\n\t<meta name=\"twitter:data2\" content=\"4 minutos\" \/>\n<script type=\"application\/ld+json\" class=\"yoast-schema-graph\">{\"@context\":\"https:\\\/\\\/schema.org\",\"@graph\":[{\"@type\":\"Article\",\"@id\":\"https:\\\/\\\/www.hostinet.com\\\/formacion\\\/general\\\/reto-puedespararlo-canalprioritario\\\/#article\",\"isPartOf\":{\"@id\":\"https:\\\/\\\/www.hostinet.com\\\/formacion\\\/general\\\/reto-puedespararlo-canalprioritario\\\/\"},\"author\":{\"name\":\"Raul Alaman\",\"@id\":\"https:\\\/\\\/www.hostinet.com\\\/formacion\\\/#\\\/schema\\\/person\\\/7f2d10131293f0f5f8e101ff5fc8bbff\"},\"headline\":\"Hostinet se une al reto #PuedesPararlo con el #CanalPrioritario de la Agencia Espa\u00f1ola de Protecci\u00f3n de Datos\",\"datePublished\":\"2020-01-29T13:48:56+00:00\",\"mainEntityOfPage\":{\"@id\":\"https:\\\/\\\/www.hostinet.com\\\/formacion\\\/general\\\/reto-puedespararlo-canalprioritario\\\/\"},\"wordCount\":721,\"commentCount\":0,\"publisher\":{\"@id\":\"https:\\\/\\\/www.hostinet.com\\\/formacion\\\/#organization\"},\"image\":{\"@id\":\"https:\\\/\\\/www.hostinet.com\\\/formacion\\\/general\\\/reto-puedespararlo-canalprioritario\\\/#primaryimage\"},\"thumbnailUrl\":\"https:\\\/\\\/www.hostinet.com\\\/formacion\\\/wp-content\\\/uploads\\\/2020\\\/01\\\/aepd-hostinet-puedespararlo-canalprioritario.jpg\",\"articleSection\":[\"General\"],\"inLanguage\":\"es\",\"potentialAction\":[{\"@type\":\"CommentAction\",\"name\":\"Comment\",\"target\":[\"https:\\\/\\\/www.hostinet.com\\\/formacion\\\/general\\\/reto-puedespararlo-canalprioritario\\\/#respond\"]}]},{\"@type\":\"WebPage\",\"@id\":\"https:\\\/\\\/www.hostinet.com\\\/formacion\\\/general\\\/reto-puedespararlo-canalprioritario\\\/\",\"url\":\"https:\\\/\\\/www.hostinet.com\\\/formacion\\\/general\\\/reto-puedespararlo-canalprioritario\\\/\",\"name\":\"Hostinet se une al reto #PuedesPararlo con el #CanalPrioritario de la Agencia Espa\u00f1ola de Protecci\u00f3n de Datos\",\"isPartOf\":{\"@id\":\"https:\\\/\\\/www.hostinet.com\\\/formacion\\\/#website\"},\"primaryImageOfPage\":{\"@id\":\"https:\\\/\\\/www.hostinet.com\\\/formacion\\\/general\\\/reto-puedespararlo-canalprioritario\\\/#primaryimage\"},\"image\":{\"@id\":\"https:\\\/\\\/www.hostinet.com\\\/formacion\\\/general\\\/reto-puedespararlo-canalprioritario\\\/#primaryimage\"},\"thumbnailUrl\":\"https:\\\/\\\/www.hostinet.com\\\/formacion\\\/wp-content\\\/uploads\\\/2020\\\/01\\\/aepd-hostinet-puedespararlo-canalprioritario.jpg\",\"datePublished\":\"2020-01-29T13:48:56+00:00\",\"description\":\"Es trabajo de todos mantener Internet \u201climpio\u201d, no solo de las autoridades, por eso desde Hostinet queremos unirnos a la campa\u00f1a de la AEPD.\",\"breadcrumb\":{\"@id\":\"https:\\\/\\\/www.hostinet.com\\\/formacion\\\/general\\\/reto-puedespararlo-canalprioritario\\\/#breadcrumb\"},\"inLanguage\":\"es\",\"potentialAction\":[{\"@type\":\"ReadAction\",\"target\":[\"https:\\\/\\\/www.hostinet.com\\\/formacion\\\/general\\\/reto-puedespararlo-canalprioritario\\\/\"]}]},{\"@type\":\"ImageObject\",\"inLanguage\":\"es\",\"@id\":\"https:\\\/\\\/www.hostinet.com\\\/formacion\\\/general\\\/reto-puedespararlo-canalprioritario\\\/#primaryimage\",\"url\":\"https:\\\/\\\/www.hostinet.com\\\/formacion\\\/wp-content\\\/uploads\\\/2020\\\/01\\\/aepd-hostinet-puedespararlo-canalprioritario.jpg\",\"contentUrl\":\"https:\\\/\\\/www.hostinet.com\\\/formacion\\\/wp-content\\\/uploads\\\/2020\\\/01\\\/aepd-hostinet-puedespararlo-canalprioritario.jpg\",\"width\":439,\"height\":550,\"caption\":\"Hostinet se une al reto #PuedesPararlo con el #CanalPrioritario de la Agencia Espa\u00f1ola de Protecci\u00f3n de Datos\"},{\"@type\":\"BreadcrumbList\",\"@id\":\"https:\\\/\\\/www.hostinet.com\\\/formacion\\\/general\\\/reto-puedespararlo-canalprioritario\\\/#breadcrumb\",\"itemListElement\":[{\"@type\":\"ListItem\",\"position\":1,\"name\":\"Portada\",\"item\":\"https:\\\/\\\/www.hostinet.com\\\/formacion\\\/\"},{\"@type\":\"ListItem\",\"position\":2,\"name\":\"General\",\"item\":\"https:\\\/\\\/www.hostinet.com\\\/formacion\\\/category\\\/general\\\/\"},{\"@type\":\"ListItem\",\"position\":3,\"name\":\"Hostinet se une al reto #PuedesPararlo con el #CanalPrioritario de la Agencia Espa\u00f1ola de Protecci\u00f3n de Datos\"}]},{\"@type\":\"WebSite\",\"@id\":\"https:\\\/\\\/www.hostinet.com\\\/formacion\\\/#website\",\"url\":\"https:\\\/\\\/www.hostinet.com\\\/formacion\\\/\",\"name\":\"Hostinet\",\"description\":\"Hosting y dominios en Espa\u00f1a. La mejor calidad a precios baratos\",\"publisher\":{\"@id\":\"https:\\\/\\\/www.hostinet.com\\\/formacion\\\/#organization\"},\"inLanguage\":\"es\"},{\"@type\":\"Organization\",\"@id\":\"https:\\\/\\\/www.hostinet.com\\\/formacion\\\/#organization\",\"name\":\"Hostinet SLU\",\"url\":\"https:\\\/\\\/www.hostinet.com\\\/formacion\\\/\",\"logo\":{\"@type\":\"ImageObject\",\"inLanguage\":\"es\",\"@id\":\"https:\\\/\\\/www.hostinet.com\\\/formacion\\\/#\\\/schema\\\/logo\\\/image\\\/\",\"url\":\"https:\\\/\\\/www.hostinet.com\\\/formacion\\\/wp-content\\\/uploads\\\/2016\\\/06\\\/hostinet-logo.jpg\",\"contentUrl\":\"https:\\\/\\\/www.hostinet.com\\\/formacion\\\/wp-content\\\/uploads\\\/2016\\\/06\\\/hostinet-logo.jpg\",\"width\":600,\"height\":245,\"caption\":\"Hostinet SLU\"},\"image\":{\"@id\":\"https:\\\/\\\/www.hostinet.com\\\/formacion\\\/#\\\/schema\\\/logo\\\/image\\\/\"},\"sameAs\":[\"https:\\\/\\\/x.com\\\/Hostinet\"]},{\"@type\":\"Person\",\"@id\":\"https:\\\/\\\/www.hostinet.com\\\/formacion\\\/#\\\/schema\\\/person\\\/7f2d10131293f0f5f8e101ff5fc8bbff\",\"name\":\"Raul Alaman\",\"image\":{\"@type\":\"ImageObject\",\"inLanguage\":\"es\",\"@id\":\"https:\\\/\\\/secure.gravatar.com\\\/avatar\\\/48b5f4b2533ad76d51832beb49c1a8944cea60b3e968885696869b92ebf7d954?s=96&r=g\",\"url\":\"https:\\\/\\\/secure.gravatar.com\\\/avatar\\\/48b5f4b2533ad76d51832beb49c1a8944cea60b3e968885696869b92ebf7d954?s=96&r=g\",\"contentUrl\":\"https:\\\/\\\/secure.gravatar.com\\\/avatar\\\/48b5f4b2533ad76d51832beb49c1a8944cea60b3e968885696869b92ebf7d954?s=96&r=g\",\"caption\":\"Raul Alaman\"},\"sameAs\":[\"https:\\\/\\\/www.hostinet.com\\\/formacion\\\/\"]}]}<\/script>\n<!-- \/ Yoast SEO plugin. -->","yoast_head_json":{"title":"Hostinet se une al reto #PuedesPararlo con el #CanalPrioritario de la Agencia Espa\u00f1ola de Protecci\u00f3n de Datos","description":"Es trabajo de todos mantener Internet \u201climpio\u201d, no solo de las autoridades, por eso desde Hostinet queremos unirnos a la campa\u00f1a de la AEPD.","robots":{"index":"index","follow":"follow","max-snippet":"max-snippet:-1","max-image-preview":"max-image-preview:large","max-video-preview":"max-video-preview:-1"},"canonical":"https:\/\/www.hostinet.com\/formacion\/general\/reto-puedespararlo-canalprioritario\/","og_locale":"es_ES","og_type":"article","og_title":"Hostinet se une al reto #PuedesPararlo con el #CanalPrioritario de la Agencia Espa\u00f1ola de Protecci\u00f3n de Datos","og_description":"Es trabajo de todos mantener Internet \u201climpio\u201d, no solo de las autoridades, por eso desde Hostinet queremos unirnos a la campa\u00f1a de la AEPD.","og_url":"https:\/\/www.hostinet.com\/formacion\/general\/reto-puedespararlo-canalprioritario\/","og_site_name":"Hostinet","article_published_time":"2020-01-29T13:48:56+00:00","og_image":[{"width":439,"height":550,"url":"https:\/\/www.hostinet.com\/formacion\/wp-content\/uploads\/2020\/01\/aepd-hostinet-puedespararlo-canalprioritario.jpg","type":"image\/jpeg"}],"author":"Raul Alaman","twitter_card":"summary_large_image","twitter_creator":"@Hostinet","twitter_site":"@Hostinet","twitter_misc":{"Escrito por":"Raul Alaman","Tiempo de lectura":"4 minutos"},"schema":{"@context":"https:\/\/schema.org","@graph":[{"@type":"Article","@id":"https:\/\/www.hostinet.com\/formacion\/general\/reto-puedespararlo-canalprioritario\/#article","isPartOf":{"@id":"https:\/\/www.hostinet.com\/formacion\/general\/reto-puedespararlo-canalprioritario\/"},"author":{"name":"Raul Alaman","@id":"https:\/\/www.hostinet.com\/formacion\/#\/schema\/person\/7f2d10131293f0f5f8e101ff5fc8bbff"},"headline":"Hostinet se une al reto #PuedesPararlo con el #CanalPrioritario de la Agencia Espa\u00f1ola de Protecci\u00f3n de Datos","datePublished":"2020-01-29T13:48:56+00:00","mainEntityOfPage":{"@id":"https:\/\/www.hostinet.com\/formacion\/general\/reto-puedespararlo-canalprioritario\/"},"wordCount":721,"commentCount":0,"publisher":{"@id":"https:\/\/www.hostinet.com\/formacion\/#organization"},"image":{"@id":"https:\/\/www.hostinet.com\/formacion\/general\/reto-puedespararlo-canalprioritario\/#primaryimage"},"thumbnailUrl":"https:\/\/www.hostinet.com\/formacion\/wp-content\/uploads\/2020\/01\/aepd-hostinet-puedespararlo-canalprioritario.jpg","articleSection":["General"],"inLanguage":"es","potentialAction":[{"@type":"CommentAction","name":"Comment","target":["https:\/\/www.hostinet.com\/formacion\/general\/reto-puedespararlo-canalprioritario\/#respond"]}]},{"@type":"WebPage","@id":"https:\/\/www.hostinet.com\/formacion\/general\/reto-puedespararlo-canalprioritario\/","url":"https:\/\/www.hostinet.com\/formacion\/general\/reto-puedespararlo-canalprioritario\/","name":"Hostinet se une al reto #PuedesPararlo con el #CanalPrioritario de la Agencia Espa\u00f1ola de Protecci\u00f3n de Datos","isPartOf":{"@id":"https:\/\/www.hostinet.com\/formacion\/#website"},"primaryImageOfPage":{"@id":"https:\/\/www.hostinet.com\/formacion\/general\/reto-puedespararlo-canalprioritario\/#primaryimage"},"image":{"@id":"https:\/\/www.hostinet.com\/formacion\/general\/reto-puedespararlo-canalprioritario\/#primaryimage"},"thumbnailUrl":"https:\/\/www.hostinet.com\/formacion\/wp-content\/uploads\/2020\/01\/aepd-hostinet-puedespararlo-canalprioritario.jpg","datePublished":"2020-01-29T13:48:56+00:00","description":"Es trabajo de todos mantener Internet \u201climpio\u201d, no solo de las autoridades, por eso desde Hostinet queremos unirnos a la campa\u00f1a de la AEPD.","breadcrumb":{"@id":"https:\/\/www.hostinet.com\/formacion\/general\/reto-puedespararlo-canalprioritario\/#breadcrumb"},"inLanguage":"es","potentialAction":[{"@type":"ReadAction","target":["https:\/\/www.hostinet.com\/formacion\/general\/reto-puedespararlo-canalprioritario\/"]}]},{"@type":"ImageObject","inLanguage":"es","@id":"https:\/\/www.hostinet.com\/formacion\/general\/reto-puedespararlo-canalprioritario\/#primaryimage","url":"https:\/\/www.hostinet.com\/formacion\/wp-content\/uploads\/2020\/01\/aepd-hostinet-puedespararlo-canalprioritario.jpg","contentUrl":"https:\/\/www.hostinet.com\/formacion\/wp-content\/uploads\/2020\/01\/aepd-hostinet-puedespararlo-canalprioritario.jpg","width":439,"height":550,"caption":"Hostinet se une al reto #PuedesPararlo con el #CanalPrioritario de la Agencia Espa\u00f1ola de Protecci\u00f3n de Datos"},{"@type":"BreadcrumbList","@id":"https:\/\/www.hostinet.com\/formacion\/general\/reto-puedespararlo-canalprioritario\/#breadcrumb","itemListElement":[{"@type":"ListItem","position":1,"name":"Portada","item":"https:\/\/www.hostinet.com\/formacion\/"},{"@type":"ListItem","position":2,"name":"General","item":"https:\/\/www.hostinet.com\/formacion\/category\/general\/"},{"@type":"ListItem","position":3,"name":"Hostinet se une al reto #PuedesPararlo con el #CanalPrioritario de la Agencia Espa\u00f1ola de Protecci\u00f3n de Datos"}]},{"@type":"WebSite","@id":"https:\/\/www.hostinet.com\/formacion\/#website","url":"https:\/\/www.hostinet.com\/formacion\/","name":"Hostinet","description":"Hosting y dominios en Espa\u00f1a. La mejor calidad a precios baratos","publisher":{"@id":"https:\/\/www.hostinet.com\/formacion\/#organization"},"inLanguage":"es"},{"@type":"Organization","@id":"https:\/\/www.hostinet.com\/formacion\/#organization","name":"Hostinet SLU","url":"https:\/\/www.hostinet.com\/formacion\/","logo":{"@type":"ImageObject","inLanguage":"es","@id":"https:\/\/www.hostinet.com\/formacion\/#\/schema\/logo\/image\/","url":"https:\/\/www.hostinet.com\/formacion\/wp-content\/uploads\/2016\/06\/hostinet-logo.jpg","contentUrl":"https:\/\/www.hostinet.com\/formacion\/wp-content\/uploads\/2016\/06\/hostinet-logo.jpg","width":600,"height":245,"caption":"Hostinet SLU"},"image":{"@id":"https:\/\/www.hostinet.com\/formacion\/#\/schema\/logo\/image\/"},"sameAs":["https:\/\/x.com\/Hostinet"]},{"@type":"Person","@id":"https:\/\/www.hostinet.com\/formacion\/#\/schema\/person\/7f2d10131293f0f5f8e101ff5fc8bbff","name":"Raul Alaman","image":{"@type":"ImageObject","inLanguage":"es","@id":"https:\/\/secure.gravatar.com\/avatar\/48b5f4b2533ad76d51832beb49c1a8944cea60b3e968885696869b92ebf7d954?s=96&r=g","url":"https:\/\/secure.gravatar.com\/avatar\/48b5f4b2533ad76d51832beb49c1a8944cea60b3e968885696869b92ebf7d954?s=96&r=g","contentUrl":"https:\/\/secure.gravatar.com\/avatar\/48b5f4b2533ad76d51832beb49c1a8944cea60b3e968885696869b92ebf7d954?s=96&r=g","caption":"Raul Alaman"},"sameAs":["https:\/\/www.hostinet.com\/formacion\/"]}]}},"_links":{"self":[{"href":"https:\/\/www.hostinet.com\/formacion\/wp-json\/wp\/v2\/posts\/33222","targetHints":{"allow":["GET"]}}],"collection":[{"href":"https:\/\/www.hostinet.com\/formacion\/wp-json\/wp\/v2\/posts"}],"about":[{"href":"https:\/\/www.hostinet.com\/formacion\/wp-json\/wp\/v2\/types\/post"}],"author":[{"embeddable":true,"href":"https:\/\/www.hostinet.com\/formacion\/wp-json\/wp\/v2\/users\/13"}],"replies":[{"embeddable":true,"href":"https:\/\/www.hostinet.com\/formacion\/wp-json\/wp\/v2\/comments?post=33222"}],"version-history":[{"count":3,"href":"https:\/\/www.hostinet.com\/formacion\/wp-json\/wp\/v2\/posts\/33222\/revisions"}],"predecessor-version":[{"id":33228,"href":"https:\/\/www.hostinet.com\/formacion\/wp-json\/wp\/v2\/posts\/33222\/revisions\/33228"}],"wp:featuredmedia":[{"embeddable":true,"href":"https:\/\/www.hostinet.com\/formacion\/wp-json\/wp\/v2\/media\/33226"}],"wp:attachment":[{"href":"https:\/\/www.hostinet.com\/formacion\/wp-json\/wp\/v2\/media?parent=33222"}],"wp:term":[{"taxonomy":"category","embeddable":true,"href":"https:\/\/www.hostinet.com\/formacion\/wp-json\/wp\/v2\/categories?post=33222"},{"taxonomy":"post_tag","embeddable":true,"href":"https:\/\/www.hostinet.com\/formacion\/wp-json\/wp\/v2\/tags?post=33222"}],"curies":[{"name":"wp","href":"https:\/\/api.w.org\/{rel}","templated":true}]}}